{"id":1137,"date":"2023-11-20T11:50:58","date_gmt":"2023-11-20T10:50:58","guid":{"rendered":"https:\/\/single.infranken.de\/magazin\/?p=1137"},"modified":"2025-12-08T12:04:27","modified_gmt":"2025-12-08T11:04:27","slug":"trennung-mit-kind-oder-doch-zusammenbleiben","status":"publish","type":"post","link":"https:\/\/single.infranken.de\/magazin\/trennung\/trennung-mit-kind-oder-doch-zusammenbleiben\/","title":{"rendered":"Trennung mit Kind oder doch zusammenbleiben?"},"content":{"rendered":"<p>Trennungen oder Scheidungen k\u00f6nnen eine echt Zerreisprobe f\u00fcr Familien darstellen und vor allem f\u00fcr die Kinder kann es schwer sein. Nach all den Jahren ist das Beziehungsende f\u00fcr manche Menschen der<strong> absolute Tiefpunkt.<\/strong> Das wirkt sich meist auch auf das Kind aus. Dabei kommt die Frage auf: <strong>Wirklich trennen oder doch lieber zusammenbleiben?<\/strong> Und wenn man sich trennt, wie erkl\u00e4ren wir das unseren Kindern?<\/p>\n<p><em><span class=\"TextRun Highlight SCXW18251448 BCX0\" lang=\"DE-DE\" xml:lang=\"DE-DE\" data-contrast=\"none\"><span class=\"NormalTextRun SCXW18251448 BCX0\"><strong>Eva-Maria Hesse ist systemische Paar- und Familientherapeutin.<\/strong> Sie ber\u00e4t in ihrer Praxis in N\u00fcrnberg Singles und Paare sowohl zum Umgang mit Trennung und Krisen als auch zu Achtsamkeit, gelingender Partnerschaft und Resilienz. Als gefragte Expertin h\u00e4lt sie Vortr\u00e4ge und beantwortet in verschiedenen Medien Fragen zu Beziehungsthemen. Detaillierte Informationen finden Sie auf ihrer <a href=\"http:\/\/www.familientherapie-nuernberg.de\">Homepage<\/a>.<\/span><\/span><\/em><\/p>\n<h2>Was l\u00f6st eine Trennung bei Kindern aus?<\/h2>\n<p>Es gibt zahlreiche <a href=\"https:\/\/elibrary.klett-cotta.de\/article\/99.120115\/fd-20-2-127\">Studien<\/a>, die ganz eindeutig belegen, dass Trennung eine<strong> physische, psychische und soziale Belastung<\/strong> f\u00fcr Kindern darstellt. Doch anstatt sich als Eltern Vorw\u00fcrfe zu machen, ist es viel wichtiger die <strong>\u00c4ngste und Sorgen des Kindes<\/strong> zu verstehen, um ihnen helfen zu k\u00f6nnen. Wir haben 7 Auswirkungen zusammengestellt, die f\u00fcr Kinder nach einer Scheidung typisch sein k\u00f6nnen:<\/p>\n<ol>\n<li>Schuldgef\u00fchle<\/li>\n<li>Depressive Stimmung<\/li>\n<li>Mangelndes Selbstwertgef\u00fchl<\/li>\n<li>Sozialer R\u00fcckzug<\/li>\n<li>Verlust\u00e4ngste<\/li>\n<li>Lern- und Konzentrationsprobleme<\/li>\n<li>Essst\u00f6rungen<\/li>\n<\/ol>\n<p>Doch nicht jede Trennung muss bleibende Spuren bei den Kindern hinterlassen. Hilfreich ist es auf jeden Fall, wenn die Eltern m\u00f6glichst vern\u00fcnftig mit der Trennung umgehen. Heftiger Streit um das<strong> Sorgerecht, um Geld oder Eigentum<\/strong> belasten Kinder zus\u00e4tzlich und sollten vermieden werden. Zumindest vor den Kindern. Mit umfassender Unterst\u00fctzung der Familie k\u00f6nnen Kinder Trennungen in der Regel auch verarbeiten und nach ein paar Monaten kann die Trauer gr\u00f6\u00dftenteils \u00fcberwunden werden. Trotzdem sollte man beim Kind nachfragen und das Verhalten kurz nach dem Beziehungsende im Auge behalten.<\/p>\n<p><em>Auf der Suche nach einer neuen Beziehung? Noch heute bei <a href=\"https:\/\/single.infranken.de\/\">single.infranken.de<\/a> anmelden und Ihren Traummann oder Ihre Traumfrau finden!<\/em><\/p>\n<h2>Trennung oder Zusammenbleiben? \u2013 Wenn das Kind die Entscheidung schwer macht<\/h2>\n<p>Immer h\u00e4ufiger kommt es vor, dass Eltern ihr Wohlergehen hinter die <strong>Bed\u00fcrfnisse ihrer Kinder<\/strong> stellen. Auch wenn Scheidungen, Patchwork-Familien und neue Beziehungsmodelle l\u00e4ngt keine Seltenheit mehr sind, wollen doch viele Erwachsene<strong> den Schein einer perfekten Familie<\/strong> nicht tr\u00fcgen lassen. Sie wollen die Trennung f\u00fcr ihre Kinder so sanft wie m\u00f6glich gestalten.<\/p>\n<p>Laut Psychologen kann es durchaus funktionieren, weiterhin eine Familie<strong> ohne r\u00e4umliche Trennung<\/strong> zu bleiben, auch wenn die Liebe zwischen den beiden Eltern nicht mehr besteht. Dabei ist aber die wichtigste Regel, dass beide Parteien mit der Beziehung <strong>endg\u00fcltig abgeschlossen<\/strong> haben und keinerlei Liebe f\u00fcr den anderen mehr empfinden. Der Fokus liegt voll und ganz auf den Kindern. In den meisten F\u00e4llen verarbeitet jedoch mindestens eine Person die Trennung nicht sofort und es kommt zu Problemen.<\/p>\n<blockquote><p>&#8220;Also manche kriegen das wirklich hin, so was \u00e4hnliches wie eine WG zu haben und f\u00fcr die Kinder weiterhin da zu sein, aber nicht mehr auf dieser Liebespaarebene zu agieren. Aber ich muss schon sagen, dass es wirklich selten und vor allem, in dem Moment, in dem neue Partner ins Spiel kommen, ist es sowieso noch mal schwieriger.&#8221; -Eva-Maria Hesse<\/p><\/blockquote>\n<h3>Den Kindern kann man nichts vormachen<\/h3>\n<p>Hinzu kommt, dass man die eigenen Kinder <strong>nicht f\u00fcr zu naiv zu halten<\/strong> sollte. Je \u00e4lter die Kinder werden, desto gr\u00f6\u00dfer ist die Wahrscheinlichkeit, dass sie recht schnell merken, dass etwas nicht stimmt. Schnell kann <strong>ein beklemmendes Gef\u00fchl<\/strong> entstehen und die heile Familienwelt ger\u00e4t ins Schwanken. Im schlimmsten Fall entwickeln solche Kinder dann <strong>eigene Schuldgef\u00fchle<\/strong> und f\u00fchlen sich verantwortlich daf\u00fcr, dass Mama und Papa sich zusammen durchqu\u00e4len.<\/p>\n<blockquote><p><span class=\"NormalTextRun SCXW17466790 BCX0\">&#8220;Also Kinder neigen tats\u00e4chlich dazu, die Schuld bei sich zu sehen, weil Kinder egozentrisch denken. Kinder <\/span><span class=\"NormalTextRun SCXW17466790 BCX0\">beziehen vieles einfach auf sich.<\/span><span class=\"NormalTextRun SCXW17466790 BCX0\"> Und da muss man nat\u00fcrlich dann den Kindern schon erkl\u00e4ren, dass<\/span><span class=\"NormalTextRun SCXW17466790 BCX0\"> es <\/span><span class=\"NormalTextRun SCXW17466790 BCX0\">\u00fcberhaupt gar nichts<\/span><span class=\"NormalTextRun SCXW17466790 BCX0\"> mit dem Kind<\/span><span class=\"NormalTextRun SCXW17466790 BCX0\"> zu tun<\/span><span class=\"NormalTextRun SCXW17466790 BCX0\"> hat<\/span><span class=\"NormalTextRun SCXW17466790 BCX0\"> und an der Beziehung<\/span><span class=\"NormalTextRun SCXW17466790 BCX0\"> zum Kind<\/span><span class=\"NormalTextRun SCXW17466790 BCX0\"> sich auch so gesehen nichts \u00e4ndern wird.&#8221; -Eva-Maria Hesse<\/span><\/p><\/blockquote>\n<h2>Trennung mit Kind \u2013 Mit diesen 5 Tipps das Leben der Kinder erleichtern<\/h2>\n<p>Ist die Trennung unumg\u00e4nglich und beide Eltern sehen keinen anderen Ausweg mehr, gibt es einige Dinge, die sie beachten k\u00f6nnten, damit die Trennung f\u00fcr die Kinder m\u00f6glichst glimpflich verl\u00e4uft. Dabei ist es allerdings manchmal unvermeidbar, dass die Kinder <strong>Schuldgef\u00fchle, Unsicherheiten und Frust<\/strong> versp\u00fcren. Mit den richtigen Worten und etwas Zeit, pendelt sich dies allerdings wieder ein.<\/p>\n<blockquote><p>&#8220;Kommunikation spielt da auf jeden Fall eine gro\u00dfe Rolle. Idealerweise w\u00e4re es auch gut, wenn die Eltern das dann zusammen besprechen, aber das ist halt nicht immer m\u00f6glich, gerade wenn es schmerzhafte Trennungen betrifft und beide Partner nicht am gleichen Punkt mit ihren Gef\u00fchlen stehen.&#8221; -Eva-Maria Hesse<\/p><\/blockquote>\n<ol>\n<li><strong>Frage und Antwort stehen \u2013<\/strong> Bei vielen Kindern steht erstmal ein dickes Fragezeichen \u00fcber dem Kopf. Wieso gerade meine Eltern? Bin ich schuld an der Trennung? Werde ich beide Eltern regelm\u00e4\u00dfig sehen? Es ist wichtig sich ausreichend Zeit f\u00fcr s\u00e4mtliche Sorgen und \u00c4ngste der Kinder zu nehmen und ihnen klare und ehrliche Antworten zu geben. Vor allem die Schuld muss den Kindern von den Schultern genommen werden und betont werden, dass die Kinder nicht der Grund f\u00fcr die Trennung sind.<\/li>\n<li><strong>Gr\u00fcnde f\u00fcr die Trennung nennen \u2013<\/strong> Auch hier ist Ehrlichkeit sicherlich das beste Mittel. Auch wenn solche Antworten f\u00fcr Eltern unangenehm sein k\u00f6nnen. Die Chance, dass die Kinder sich ansonsten selbst die Schuld geben, ist gro\u00df.<\/li>\n<li><strong>Nicht \u00fcber den Ex-Partner herziehen \u2013<\/strong> Oft bleibt ein gebrochenes Herz nach einer Trennung zur\u00fcck. Nicht nur f\u00fcr Kinder ist die Zeit hart, auch den Eltern kann es den Boden unter den F\u00fc\u00dfen wegziehen. Trotzdem sollte man vor den Kindern nicht schlecht \u00fcber Mama oder Papa reden, immerhin sind es die Eltern des Kindes. Ein normales Verh\u00e4ltnis zwischen den beiden Parteien erleichtert auch dem Kind die Phase nach der Trennung.<\/li>\n<li><strong>Gemeinsame Zeit \u2013<\/strong> Ausfl\u00fcge, Urlaub oder einfach zusammen spielen. Ablenkung hilft den Kindern, die Gedanken mal beiseiteschieben zu k\u00f6nnen und endlich mal wieder Spa\u00df zu haben.<\/li>\n<li><strong>Zeit zum Trauern \u2013<\/strong> Manchmal brauchen Kinder allerdings ein wenig Zeit, um mit den ganzen Ver\u00e4nderungen zurechtzukommen. Sie m\u00fcssen erstmal realisieren, was die Trennung f\u00fcr sie und auch f\u00fcr die Eltern bedeutet.<\/li>\n<\/ol>\n<p><em>Sie sehnen sich nach einer neuen Beziehung? Melden Sie sich noch heute auf <a href=\"https:\/\/single.infranken.de\/\">single.infranken.de<\/a> an und finden Sie Ihre neue Liebe!<\/em><\/p>\n","protected":false},"excerpt":{"rendered":"<p>Ein Trennung ist nie einfach, eine Trennung mit Kind ist schwieriger. Wie geht man am besten auf die Bed\u00fcrfnisse des Kindes ein? <\/p>\n","protected":false},"author":2,"featured_media":1138,"comment_status":"closed","ping_status":"closed","sticky":false,"template":"","format":"standard","meta":{"footnotes":""},"categories":[122],"tags":[130,131,136,124,141,139],"class_list":["post-1137","post","type-post","status-publish","format-standard","has-post-thumbnail","hentry","category-trennung","tag-herzschmerz","tag-partner","tag-partnerschaft","tag-trennungsschmerzen","tag-unglueckliche-beziehung","tag-vermissen"],"yoast_head":"<!-- This site is optimized with the Yoast SEO plugin v27.4 - https:\/\/yoast.com\/product\/yoast-seo-wordpress\/ -->\n<title>Trennung mit Kind oder doch zusammenbleiben? - Single in Franken | Magazin<\/title>\n<meta name=\"description\" content=\"Ein Trennung ist nie einfach, eine Trennung mit Kind ist schwieriger. Wie geht man am besten auf die Bed\u00fcrfnisse des Kindes ein?\" \/>\n<meta name=\"robots\" content=\"index, follow, max-snippet:-1, max-image-preview:large, max-video-preview:-1\" \/>\n<link rel=\"canonical\" href=\"https:\/\/single.infranken.de\/magazin\/trennung\/trennung-mit-kind-oder-doch-zusammenbleiben\/\" \/>\n<meta property=\"og:locale\" content=\"de_DE\" \/>\n<meta property=\"og:type\" content=\"article\" \/>\n<meta property=\"og:title\" content=\"Trennung mit Kind oder doch zusammenbleiben? - Single in Franken | Magazin\" \/>\n<meta property=\"og:description\" content=\"Ein Trennung ist nie einfach, eine Trennung mit Kind ist schwieriger. Wie geht man am besten auf die Bed\u00fcrfnisse des Kindes ein?\" \/>\n<meta property=\"og:url\" content=\"https:\/\/single.infranken.de\/magazin\/trennung\/trennung-mit-kind-oder-doch-zusammenbleiben\/\" \/>\n<meta property=\"og:site_name\" content=\"Single in Franken | Magazin\" \/>\n<meta property=\"article:published_time\" content=\"2023-11-20T10:50:58+00:00\" \/>\n<meta property=\"article:modified_time\" content=\"2025-12-08T11:04:27+00:00\" \/>\n<meta property=\"og:image\" content=\"https:\/\/single.infranken.de\/magazin\/wp-content\/uploads\/2022\/06\/pexels-cottonbro-6603350.jpg\" \/>\n\t<meta property=\"og:image:width\" content=\"1000\" \/>\n\t<meta property=\"og:image:height\" content=\"667\" \/>\n\t<meta property=\"og:image:type\" content=\"image\/jpeg\" \/>\n<meta name=\"author\" content=\"Redakteur\" \/>\n<meta name=\"twitter:card\" content=\"summary_large_image\" \/>\n<meta name=\"twitter:label1\" content=\"Verfasst von\" \/>\n\t<meta name=\"twitter:data1\" content=\"Redakteur\" \/>\n\t<meta name=\"twitter:label2\" content=\"Gesch\u00e4tzte Lesezeit\" \/>\n\t<meta name=\"twitter:data2\" content=\"5\u00a0Minuten\" \/>\n<!-- \/ Yoast SEO plugin. -->","yoast_head_json":{"title":"Trennung mit Kind oder doch zusammenbleiben? - Single in Franken | Magazin","description":"Ein Trennung ist nie einfach, eine Trennung mit Kind ist schwieriger. Wie geht man am besten auf die Bed\u00fcrfnisse des Kindes ein?","robots":{"index":"index","follow":"follow","max-snippet":"max-snippet:-1","max-image-preview":"max-image-preview:large","max-video-preview":"max-video-preview:-1"},"canonical":"https:\/\/single.infranken.de\/magazin\/trennung\/trennung-mit-kind-oder-doch-zusammenbleiben\/","og_locale":"de_DE","og_type":"article","og_title":"Trennung mit Kind oder doch zusammenbleiben? - Single in Franken | Magazin","og_description":"Ein Trennung ist nie einfach, eine Trennung mit Kind ist schwieriger. Wie geht man am besten auf die Bed\u00fcrfnisse des Kindes ein?","og_url":"https:\/\/single.infranken.de\/magazin\/trennung\/trennung-mit-kind-oder-doch-zusammenbleiben\/","og_site_name":"Single in Franken | Magazin","article_published_time":"2023-11-20T10:50:58+00:00","article_modified_time":"2025-12-08T11:04:27+00:00","og_image":[{"width":1000,"height":667,"url":"https:\/\/single.infranken.de\/magazin\/wp-content\/uploads\/2022\/06\/pexels-cottonbro-6603350.jpg","type":"image\/jpeg"}],"author":"Redakteur","twitter_card":"summary_large_image","twitter_misc":{"Verfasst von":"Redakteur","Gesch\u00e4tzte Lesezeit":"5\u00a0Minuten"},"schema":{"@context":"https:\/\/schema.org","@graph":[{"@type":"Article","@id":"https:\/\/single.infranken.de\/magazin\/trennung\/trennung-mit-kind-oder-doch-zusammenbleiben\/#article","isPartOf":{"@id":"https:\/\/single.infranken.de\/magazin\/trennung\/trennung-mit-kind-oder-doch-zusammenbleiben\/"},"author":{"name":"Redakteur","@id":"https:\/\/single.infranken.de\/magazin\/#\/schema\/person\/c430a78d0c8d794ee33c45fc993fa37b"},"headline":"Trennung mit Kind oder doch zusammenbleiben?","datePublished":"2023-11-20T10:50:58+00:00","dateModified":"2025-12-08T11:04:27+00:00","mainEntityOfPage":{"@id":"https:\/\/single.infranken.de\/magazin\/trennung\/trennung-mit-kind-oder-doch-zusammenbleiben\/"},"wordCount":1085,"image":{"@id":"https:\/\/single.infranken.de\/magazin\/trennung\/trennung-mit-kind-oder-doch-zusammenbleiben\/#primaryimage"},"thumbnailUrl":"https:\/\/single.infranken.de\/magazin\/wp-content\/uploads\/2022\/06\/pexels-cottonbro-6603350.jpg","keywords":["Herzschmerz","Partner","Partnerschaft","Trennungsschmerz","ungl\u00fcckliche Beziehung","Vermissen"],"articleSection":["Trennung"],"inLanguage":"de"},{"@type":"WebPage","@id":"https:\/\/single.infranken.de\/magazin\/trennung\/trennung-mit-kind-oder-doch-zusammenbleiben\/","url":"https:\/\/single.infranken.de\/magazin\/trennung\/trennung-mit-kind-oder-doch-zusammenbleiben\/","name":"Trennung mit Kind oder doch zusammenbleiben? - Single in Franken | Magazin","isPartOf":{"@id":"https:\/\/single.infranken.de\/magazin\/#website"},"primaryImageOfPage":{"@id":"https:\/\/single.infranken.de\/magazin\/trennung\/trennung-mit-kind-oder-doch-zusammenbleiben\/#primaryimage"},"image":{"@id":"https:\/\/single.infranken.de\/magazin\/trennung\/trennung-mit-kind-oder-doch-zusammenbleiben\/#primaryimage"},"thumbnailUrl":"https:\/\/single.infranken.de\/magazin\/wp-content\/uploads\/2022\/06\/pexels-cottonbro-6603350.jpg","datePublished":"2023-11-20T10:50:58+00:00","dateModified":"2025-12-08T11:04:27+00:00","author":{"@id":"https:\/\/single.infranken.de\/magazin\/#\/schema\/person\/c430a78d0c8d794ee33c45fc993fa37b"},"description":"Ein Trennung ist nie einfach, eine Trennung mit Kind ist schwieriger. Wie geht man am besten auf die Bed\u00fcrfnisse des Kindes ein?","breadcrumb":{"@id":"https:\/\/single.infranken.de\/magazin\/trennung\/trennung-mit-kind-oder-doch-zusammenbleiben\/#breadcrumb"},"inLanguage":"de","potentialAction":[{"@type":"ReadAction","target":["https:\/\/single.infranken.de\/magazin\/trennung\/trennung-mit-kind-oder-doch-zusammenbleiben\/"]}]},{"@type":"ImageObject","inLanguage":"de","@id":"https:\/\/single.infranken.de\/magazin\/trennung\/trennung-mit-kind-oder-doch-zusammenbleiben\/#primaryimage","url":"https:\/\/single.infranken.de\/magazin\/wp-content\/uploads\/2022\/06\/pexels-cottonbro-6603350.jpg","contentUrl":"https:\/\/single.infranken.de\/magazin\/wp-content\/uploads\/2022\/06\/pexels-cottonbro-6603350.jpg","width":1000,"height":667,"caption":"trennung mit kind"},{"@type":"BreadcrumbList","@id":"https:\/\/single.infranken.de\/magazin\/trennung\/trennung-mit-kind-oder-doch-zusammenbleiben\/#breadcrumb","itemListElement":[{"@type":"ListItem","position":1,"name":"Startseite","item":"https:\/\/single.infranken.de\/magazin\/"},{"@type":"ListItem","position":2,"name":"Trennung mit Kind oder doch zusammenbleiben?"}]},{"@type":"WebSite","@id":"https:\/\/single.infranken.de\/magazin\/#website","url":"https:\/\/single.infranken.de\/magazin\/","name":"Single in Franken | Magazin","description":"","potentialAction":[{"@type":"SearchAction","target":{"@type":"EntryPoint","urlTemplate":"https:\/\/single.infranken.de\/magazin\/?s={search_term_string}"},"query-input":{"@type":"PropertyValueSpecification","valueRequired":true,"valueName":"search_term_string"}}],"inLanguage":"de"},{"@type":"Person","@id":"https:\/\/single.infranken.de\/magazin\/#\/schema\/person\/c430a78d0c8d794ee33c45fc993fa37b","name":"Redakteur","image":{"@type":"ImageObject","inLanguage":"de","@id":"https:\/\/secure.gravatar.com\/avatar\/378ec9ebfcc64ba6849d1cd485e9d42a7e17833b4e8fe2a309b54b26e9c5fb9d?s=96&d=mm&r=g","url":"https:\/\/secure.gravatar.com\/avatar\/378ec9ebfcc64ba6849d1cd485e9d42a7e17833b4e8fe2a309b54b26e9c5fb9d?s=96&d=mm&r=g","contentUrl":"https:\/\/secure.gravatar.com\/avatar\/378ec9ebfcc64ba6849d1cd485e9d42a7e17833b4e8fe2a309b54b26e9c5fb9d?s=96&d=mm&r=g","caption":"Redakteur"},"url":"https:\/\/single.infranken.de\/magazin\/author\/redakteur\/"}]}},"_links":{"self":[{"href":"https:\/\/single.infranken.de\/magazin\/wp-json\/wp\/v2\/posts\/1137","targetHints":{"allow":["GET"]}}],"collection":[{"href":"https:\/\/single.infranken.de\/magazin\/wp-json\/wp\/v2\/posts"}],"about":[{"href":"https:\/\/single.infranken.de\/magazin\/wp-json\/wp\/v2\/types\/post"}],"author":[{"embeddable":true,"href":"https:\/\/single.infranken.de\/magazin\/wp-json\/wp\/v2\/users\/2"}],"replies":[{"embeddable":true,"href":"https:\/\/single.infranken.de\/magazin\/wp-json\/wp\/v2\/comments?post=1137"}],"version-history":[{"count":4,"href":"https:\/\/single.infranken.de\/magazin\/wp-json\/wp\/v2\/posts\/1137\/revisions"}],"predecessor-version":[{"id":1809,"href":"https:\/\/single.infranken.de\/magazin\/wp-json\/wp\/v2\/posts\/1137\/revisions\/1809"}],"wp:featuredmedia":[{"embeddable":true,"href":"https:\/\/single.infranken.de\/magazin\/wp-json\/wp\/v2\/media\/1138"}],"wp:attachment":[{"href":"https:\/\/single.infranken.de\/magazin\/wp-json\/wp\/v2\/media?parent=1137"}],"wp:term":[{"taxonomy":"category","embeddable":true,"href":"https:\/\/single.infranken.de\/magazin\/wp-json\/wp\/v2\/categories?post=1137"},{"taxonomy":"post_tag","embeddable":true,"href":"https:\/\/single.infranken.de\/magazin\/wp-json\/wp\/v2\/tags?post=1137"}],"curies":[{"name":"wp","href":"https:\/\/api.w.org\/{rel}","templated":true}]}}